{"id":2387,"date":"2023-03-02T16:50:34","date_gmt":"2023-03-02T15:50:34","guid":{"rendered":"https:\/\/wendypillonel.ch\/les-nouvelles-eves-wins-the-central-swiss-film-award\/"},"modified":"2023-03-02T17:01:54","modified_gmt":"2023-03-02T16:01:54","slug":"les-nouvelles-eves-wins-the-central-swiss-film-award","status":"publish","type":"post","link":"https:\/\/wendypillonel.ch\/fr\/les-nouvelles-eves-wins-the-central-swiss-film-award\/","title":{"rendered":"Les Nouvelles Eves gagne un Prix du Cin\u00e9ma de Suisse Centrale !"},"content":{"rendered":"\n<p>\u00ab\u00a0LES NOUVELLES \u00c8VES\u00a0\u00bb r\u00e9alis\u00e9 en collaboration avec Thais Odermatt, Annie Gisler, Anna Thommen, Jela Hasler, Camille Budin, Judith Lichtneckert et Lily Ott gagne un des <a href=\"https:\/\/www.innerschweizerfilmpreis.ch\/\">Prix du cin\u00e9ma de Suisse Centrale<\/a>!<\/p>\n\n\n\n<p>Venez voir le film pour seulement 5CHF \u00e0 Lucerne:<br>Samedi 4 mars \u00e0 16h &#8211; BOURBAKI 1<br>Dimanche 5 mars \u00e0 20h &#8211; Stattkino<br><br>Quelques unes d&rsquo;entre nous serons pr\u00e9sentes et nous nous r\u00e9jouissons de voir des visages connus!<\/p>\n\n\n\n<p><\/p>\n\n\n\n<figure class=\"wp-block-image size-full\"><a href=\"https:\/\/wendypillonel.ch\/wp-content\/uploads\/2021\/10\/Poster_EVES_RGB_DE_1000x700px_web.jpg\"><img loading=\"lazy\" decoding=\"async\" width=\"702\" height=\"1000\" src=\"https:\/\/wendypillonel.ch\/wp-content\/uploads\/2021\/10\/Poster_EVES_RGB_DE_1000x700px_web.jpg\" alt=\"\" class=\"wp-image-1986\" srcset=\"https:\/\/wendypillonel.ch\/wp-content\/uploads\/2021\/10\/Poster_EVES_RGB_DE_1000x700px_web.jpg 702w, https:\/\/wendypillonel.ch\/wp-content\/uploads\/2021\/10\/Poster_EVES_RGB_DE_1000x700px_web-211x300.jpg 211w\" sizes=\"auto, (max-width: 702px) 100vw, 702px\" \/><\/a><\/figure>\n","protected":false},"excerpt":{"rendered":"<p>\u00ab\u00a0LES NOUVELLES \u00c8VES\u00a0\u00bb r\u00e9alis\u00e9 en collaboration avec Thais Odermatt, Annie Gisler, Anna Thommen, Jela Hasler, Camille Budin, Judith Lichtneckert et Lily Ott gagne un des Prix du cin\u00e9ma de Suisse Centrale! Venez voir le film pour seulement 5CHF \u00e0 Lucerne:Samedi 4 mars \u00e0 16h &#8211; BOURBAKI 1Dimanche 5 mars \u00e0 20h &#8211; Stattkino Quelques unes [&hellip;]<\/p>\n","protected":false},"author":2,"featured_media":0,"comment_status":"open","ping_status":"open","sticky":false,"template":"","format":"standard","meta":{"footnotes":""},"categories":[37],"tags":[],"class_list":["post-2387","post","type-post","status-publish","format-standard","hentry","category-news-fr"],"_links":{"self":[{"href":"https:\/\/wendypillonel.ch\/fr\/wp-json\/wp\/v2\/posts\/2387","targetHints":{"allow":["GET"]}}],"collection":[{"href":"https:\/\/wendypillonel.ch\/fr\/wp-json\/wp\/v2\/posts"}],"about":[{"href":"https:\/\/wendypillonel.ch\/fr\/wp-json\/wp\/v2\/types\/post"}],"author":[{"embeddable":true,"href":"https:\/\/wendypillonel.ch\/fr\/wp-json\/wp\/v2\/users\/2"}],"replies":[{"embeddable":true,"href":"https:\/\/wendypillonel.ch\/fr\/wp-json\/wp\/v2\/comments?post=2387"}],"version-history":[{"count":3,"href":"https:\/\/wendypillonel.ch\/fr\/wp-json\/wp\/v2\/posts\/2387\/revisions"}],"predecessor-version":[{"id":2398,"href":"https:\/\/wendypillonel.ch\/fr\/wp-json\/wp\/v2\/posts\/2387\/revisions\/2398"}],"wp:attachment":[{"href":"https:\/\/wendypillonel.ch\/fr\/wp-json\/wp\/v2\/media?parent=2387"}],"wp:term":[{"taxonomy":"category","embeddable":true,"href":"https:\/\/wendypillonel.ch\/fr\/wp-json\/wp\/v2\/categories?post=2387"},{"taxonomy":"post_tag","embeddable":true,"href":"https:\/\/wendypillonel.ch\/fr\/wp-json\/wp\/v2\/tags?post=2387"}],"curies":[{"name":"wp","href":"https:\/\/api.w.org\/{rel}","templated":true}]}}