{"id":708,"date":"2016-12-13T11:29:10","date_gmt":"2016-12-13T10:29:10","guid":{"rendered":"http:\/\/wendypillonel.ch\/?p=708"},"modified":"2016-12-21T12:56:52","modified_gmt":"2016-12-21T11:56:52","slug":"peripherie-nomine-pour-le-prix-du-public-a-soleure","status":"publish","type":"post","link":"https:\/\/wendypillonel.ch\/fr\/peripherie-nomine-pour-le-prix-du-public-a-soleure\/","title":{"rendered":"Peripherie nomin\u00e9 pour le Prix du Public \u00e0 Soleure"},"content":{"rendered":"<p>Peripherie fera partie des prochaines Journ\u00e9es de Soleure en janvier 2017.<\/p>\n<p>Notre film est nomin\u00e9 pour le Prix du public! N&rsquo;h\u00e9sitez pas \u00e0 venir le voir et \u00e0 voter pour lui!<\/p>\n<p><strong><a href=\"http:\/\/www.solothurnerfilmtage.ch\/home\/page.aspx?page_id=7610&amp;page_virtual_url=\">ICI <\/a><\/strong>plus d&rsquo;infos sur le programme.<\/p>\n<p><iframe loading=\"lazy\" title=\"PERIPHERIE TRAILER (English) - Lisa Br\u00fchlmann, Yasmin Joerg, Jan-Eric Mack, Luca Ribler, Wendy Pillonel\" src=\"https:\/\/player.vimeo.com\/video\/181904742?dnt=1&amp;app_id=122963\" width=\"500\" height=\"270\" frameborder=\"0\" allow=\"autoplay; fullscreen; picture-in-picture; clipboard-write\"><\/iframe><\/p>\n<p><a href=\"http:\/\/wendypillonel.ch\/wp-content\/uploads\/2016\/06\/Capture-d\u2019e\u0301cran-2016-06-08-a\u0300-10.32.20.png\"><img loading=\"lazy\" decoding=\"async\" class=\"alignnone size-full wp-image-575\" src=\"http:\/\/wendypillonel.ch\/wp-content\/uploads\/2016\/06\/Capture-d\u2019e\u0301cran-2016-06-08-a\u0300-10.32.20.png\" alt=\"\" width=\"1594\" height=\"882\" srcset=\"https:\/\/wendypillonel.ch\/wp-content\/uploads\/2016\/06\/Capture-d\u2019e\u0301cran-2016-06-08-a\u0300-10.32.20.png 1594w, https:\/\/wendypillonel.ch\/wp-content\/uploads\/2016\/06\/Capture-d\u2019e\u0301cran-2016-06-08-a\u0300-10.32.20-300x166.png 300w, https:\/\/wendypillonel.ch\/wp-content\/uploads\/2016\/06\/Capture-d\u2019e\u0301cran-2016-06-08-a\u0300-10.32.20-768x425.png 768w, https:\/\/wendypillonel.ch\/wp-content\/uploads\/2016\/06\/Capture-d\u2019e\u0301cran-2016-06-08-a\u0300-10.32.20-1024x567.png 1024w\" sizes=\"auto, (max-width: 1594px) 100vw, 1594px\" \/><\/a><\/p>\n<p>&nbsp;<\/p>\n<p>&nbsp;<\/p>\n","protected":false},"excerpt":{"rendered":"<p>Peripherie fera partie des prochaines Journ\u00e9es de Soleure en janvier 2017. Notre film est nomin\u00e9 pour le Prix du public! N&rsquo;h\u00e9sitez pas \u00e0 venir le voir et \u00e0 voter pour lui! ICI plus d&rsquo;infos sur le programme. &nbsp; &nbsp;<\/p>\n","protected":false},"author":2,"featured_media":0,"comment_status":"open","ping_status":"open","sticky":false,"template":"","format":"standard","meta":{"footnotes":""},"categories":[37],"tags":[],"class_list":["post-708","post","type-post","status-publish","format-standard","hentry","category-news-fr"],"_links":{"self":[{"href":"https:\/\/wendypillonel.ch\/fr\/wp-json\/wp\/v2\/posts\/708","targetHints":{"allow":["GET"]}}],"collection":[{"href":"https:\/\/wendypillonel.ch\/fr\/wp-json\/wp\/v2\/posts"}],"about":[{"href":"https:\/\/wendypillonel.ch\/fr\/wp-json\/wp\/v2\/types\/post"}],"author":[{"embeddable":true,"href":"https:\/\/wendypillonel.ch\/fr\/wp-json\/wp\/v2\/users\/2"}],"replies":[{"embeddable":true,"href":"https:\/\/wendypillonel.ch\/fr\/wp-json\/wp\/v2\/comments?post=708"}],"version-history":[{"count":3,"href":"https:\/\/wendypillonel.ch\/fr\/wp-json\/wp\/v2\/posts\/708\/revisions"}],"predecessor-version":[{"id":751,"href":"https:\/\/wendypillonel.ch\/fr\/wp-json\/wp\/v2\/posts\/708\/revisions\/751"}],"wp:attachment":[{"href":"https:\/\/wendypillonel.ch\/fr\/wp-json\/wp\/v2\/media?parent=708"}],"wp:term":[{"taxonomy":"category","embeddable":true,"href":"https:\/\/wendypillonel.ch\/fr\/wp-json\/wp\/v2\/categories?post=708"},{"taxonomy":"post_tag","embeddable":true,"href":"https:\/\/wendypillonel.ch\/fr\/wp-json\/wp\/v2\/tags?post=708"}],"curies":[{"name":"wp","href":"https:\/\/api.w.org\/{rel}","templated":true}]}}